{"id":173433,"date":"2023-01-08T21:06:43","date_gmt":"2023-01-08T20:06:43","guid":{"rendered":"http:\/\/www.o-nauce.pl\/?p=173433"},"modified":"2023-06-24T16:49:28","modified_gmt":"2023-06-24T15:49:28","slug":"polska-kokarda-narodowa-copy-copy-copy-2-copy-copy-4-copy-copy-2-copy-3","status":"publish","type":"post","link":"https:\/\/www.o-nauce.pl\/?p=173433","title":{"rendered":"Okruchy wspomnie\u0144 &#8211; \u017bydzi w K\u00f3rniku"},"content":{"rendered":"<p>[et_pb_section fb_built=&#8221;1&#8243; prev_background_color=&#8221;#ffffff&#8221; _builder_version=&#8221;4.7.0&#8243; background_color=&#8221;#efefef&#8221; background_image=&#8221;https:\/\/www.o-nauce.pl\/wp-content\/uploads\/2023\/01\/przed_synagoga.jpg&#8221; top_divider_style=&#8221;slant2&#8243; top_divider_height=&#8221;57px&#8221; top_divider_flip=&#8221;horizontal&#8221; z_index_tablet=&#8221;500&#8243; box_shadow_horizontal_tablet=&#8221;0px&#8221; box_shadow_vertical_tablet=&#8221;0px&#8221; box_shadow_blur_tablet=&#8221;40px&#8221; box_shadow_spread_tablet=&#8221;0px&#8221;][et_pb_row _builder_version=&#8221;3.25&#8243; background_size=&#8221;initial&#8221; background_position=&#8221;top_left&#8221; background_repeat=&#8221;repeat&#8221;][et_pb_column type=&#8221;4_4&#8243; _builder_version=&#8221;3.0.47&#8243; custom_padding=&#8221;|||&#8221; custom_padding__hover=&#8221;|||&#8221;][et_pb_post_title author=&#8221;off&#8221; date=&#8221;off&#8221; comments=&#8221;off&#8221; featured_image=&#8221;off&#8221; text_color=&#8221;light&#8221; _builder_version=&#8221;3.18.2&#8243; title_font=&#8221;|||on|||||&#8221; title_font_size=&#8221;32px&#8221; text_orientation=&#8221;center&#8221; animation_style=&#8221;zoom&#8221; title_font_size_tablet=&#8221;26px&#8221; title_font_size_phone=&#8221;&#8221; title_font_size_last_edited=&#8221;on|desktop&#8221; text_shadow_style=&#8221;preset3&#8243; text_shadow_horizontal_length=&#8221;0.08em&#8221; text_shadow_vertical_length=&#8221;0.08em&#8221;]<br \/>\n[\/et_pb_post_title][\/et_pb_column][\/et_pb_row][\/et_pb_section][et_pb_section fb_built=&#8221;1&#8243; _builder_version=&#8221;3.22&#8243;][et_pb_row column_structure=&#8221;1_2,1_2&#8243; use_custom_gutter=&#8221;on&#8221; gutter_width=&#8221;2&#8243; _builder_version=&#8221;3.25&#8243; background_size=&#8221;initial&#8221; background_position=&#8221;top_left&#8221; background_repeat=&#8221;repeat&#8221; animation_style=&#8221;fade&#8221;][et_pb_column type=&#8221;1_2&#8243; module_class=&#8221;guzik_do_filmu&#8221; _builder_version=&#8221;3.0.47&#8243; custom_padding=&#8221;|||&#8221; custom_padding__hover=&#8221;|||&#8221;][et_pb_text admin_label=&#8221;Nag\u0142\u00f3wek&#8221; _builder_version=&#8221;4.7.0&#8243; z_index_tablet=&#8221;500&#8243; text_text_shadow_horizontal_length_tablet=&#8221;0px&#8221; text_text_shadow_vertical_length_tablet=&#8221;0px&#8221; text_text_shadow_blur_strength_tablet=&#8221;1px&#8221; link_text_shadow_horizontal_length_tablet=&#8221;0px&#8221; link_text_shadow_vertical_length_tablet=&#8221;0px&#8221; link_text_shadow_blur_strength_tablet=&#8221;1px&#8221; ul_text_shadow_horizontal_length_tablet=&#8221;0px&#8221; ul_text_shadow_vertical_length_tablet=&#8221;0px&#8221; ul_text_shadow_blur_strength_tablet=&#8221;1px&#8221; ol_text_shadow_horizontal_length_tablet=&#8221;0px&#8221; ol_text_shadow_vertical_length_tablet=&#8221;0px&#8221; ol_text_shadow_blur_strength_tablet=&#8221;1px&#8221; quote_text_shadow_horizontal_length_tablet=&#8221;0px&#8221; quote_text_shadow_vertical_length_tablet=&#8221;0px&#8221; quote_text_shadow_blur_strength_tablet=&#8221;1px&#8221; header_text_shadow_horizontal_length_tablet=&#8221;0px&#8221; header_text_shadow_vertical_length_tablet=&#8221;0px&#8221; header_text_shadow_blur_strength_tablet=&#8221;1px&#8221; header_2_text_shadow_horizontal_length_tablet=&#8221;0px&#8221; header_2_text_shadow_vertical_length_tablet=&#8221;0px&#8221; header_2_text_shadow_blur_strength_tablet=&#8221;1px&#8221; header_3_text_shadow_horizontal_length_tablet=&#8221;0px&#8221; header_3_text_shadow_vertical_length_tablet=&#8221;0px&#8221; header_3_text_shadow_blur_strength_tablet=&#8221;1px&#8221; header_4_text_shadow_horizontal_length_tablet=&#8221;0px&#8221; header_4_text_shadow_vertical_length_tablet=&#8221;0px&#8221; header_4_text_shadow_blur_strength_tablet=&#8221;1px&#8221; header_5_text_shadow_horizontal_length_tablet=&#8221;0px&#8221; header_5_text_shadow_vertical_length_tablet=&#8221;0px&#8221; header_5_text_shadow_blur_strength_tablet=&#8221;1px&#8221; header_6_text_shadow_horizontal_length_tablet=&#8221;0px&#8221; header_6_text_shadow_vertical_length_tablet=&#8221;0px&#8221; header_6_text_shadow_blur_strength_tablet=&#8221;1px&#8221; box_shadow_horizontal_tablet=&#8221;0px&#8221; box_shadow_vertical_tablet=&#8221;0px&#8221; box_shadow_blur_tablet=&#8221;40px&#8221; box_shadow_spread_tablet=&#8221;0px&#8221;]<\/p>\n<h3>Reporta\u017c oparty na wspomnieniach jednego z by\u0142ych mieszka\u0144c\u00f3w K\u00f3rnika o spo\u0142eczno\u015bci \u017cydowskiej zamieszkuj\u0105cej to miasteczko przed II Wojn\u0105 \u015awiatow\u0105 wraz z\u00a0kr\u00f3tk\u0105 histori\u0105 ich przybycia i wsp\u00f3\u0142mieszkania w K\u00f3rniku na przestrzeni wiek\u00f3w.<\/h3>\n<h4><\/h4>\n<p>[\/et_pb_text][et_pb_button button_url=&#8221;#film_kotwica&#8221; button_text=&#8221;Film &#8211; Zobacz&#8221; button_alignment=&#8221;left&#8221; admin_label=&#8221;Guzik &#8211; Przejd\u017a do Film &#8211; tylko MOBILE&#8221; module_class=&#8221;videokotwicaguzik&#8221; _builder_version=&#8221;3.18.2&#8243; custom_button=&#8221;on&#8221; button_icon=&#8221;%%198%%&#8221; saved_tabs=&#8221;all&#8221;][\/et_pb_button][et_pb_text admin_label=&#8221;Zawarto\u015b\u0107 tekstowa artyku\u0142u&#8221; _builder_version=&#8221;4.7.0&#8243; z_index_tablet=&#8221;500&#8243; text_text_shadow_horizontal_length_tablet=&#8221;0px&#8221; text_text_shadow_vertical_length_tablet=&#8221;0px&#8221; text_text_shadow_blur_strength_tablet=&#8221;1px&#8221; link_text_shadow_horizontal_length_tablet=&#8221;0px&#8221; link_text_shadow_vertical_length_tablet=&#8221;0px&#8221; link_text_shadow_blur_strength_tablet=&#8221;1px&#8221; ul_text_shadow_horizontal_length_tablet=&#8221;0px&#8221; ul_text_shadow_vertical_length_tablet=&#8221;0px&#8221; ul_text_shadow_blur_strength_tablet=&#8221;1px&#8221; ol_text_shadow_horizontal_length_tablet=&#8221;0px&#8221; ol_text_shadow_vertical_length_tablet=&#8221;0px&#8221; ol_text_shadow_blur_strength_tablet=&#8221;1px&#8221; quote_text_shadow_horizontal_length_tablet=&#8221;0px&#8221; quote_text_shadow_vertical_length_tablet=&#8221;0px&#8221; quote_text_shadow_blur_strength_tablet=&#8221;1px&#8221; header_text_shadow_horizontal_length_tablet=&#8221;0px&#8221; header_text_shadow_vertical_length_tablet=&#8221;0px&#8221; header_text_shadow_blur_strength_tablet=&#8221;1px&#8221; header_2_text_shadow_horizontal_length_tablet=&#8221;0px&#8221; header_2_text_shadow_vertical_length_tablet=&#8221;0px&#8221; header_2_text_shadow_blur_strength_tablet=&#8221;1px&#8221; header_3_text_shadow_horizontal_length_tablet=&#8221;0px&#8221; header_3_text_shadow_vertical_length_tablet=&#8221;0px&#8221; header_3_text_shadow_blur_strength_tablet=&#8221;1px&#8221; header_4_text_shadow_horizontal_length_tablet=&#8221;0px&#8221; header_4_text_shadow_vertical_length_tablet=&#8221;0px&#8221; header_4_text_shadow_blur_strength_tablet=&#8221;1px&#8221; header_5_text_shadow_horizontal_length_tablet=&#8221;0px&#8221; header_5_text_shadow_vertical_length_tablet=&#8221;0px&#8221; header_5_text_shadow_blur_strength_tablet=&#8221;1px&#8221; header_6_text_shadow_horizontal_length_tablet=&#8221;0px&#8221; header_6_text_shadow_vertical_length_tablet=&#8221;0px&#8221; header_6_text_shadow_blur_strength_tablet=&#8221;1px&#8221; box_shadow_horizontal_tablet=&#8221;0px&#8221; box_shadow_vertical_tablet=&#8221;0px&#8221; box_shadow_blur_tablet=&#8221;40px&#8221; box_shadow_spread_tablet=&#8221;0px&#8221;]<\/p>\n<p>W K\u00f3rniku \u2013 przed laty, jak w licznych miastach i miasteczkach Polski \u2013 mieszka\u0142o wiele os\u00f3b pochodzenia \u017cydowskiego.<\/p>\n<p>Ju\u017c w 1505 roku, w dokumentach miejskich Poznania, pojawi\u0142a si\u0119 wzmianka o Jakubie \u017bydzie z K\u00f3rnika. Za\u015b w 1507 roku, gmina \u017cydowska K\u00f3rnika wp\u0142aci\u0142a 2 floreny podatku z okazji koronacji Zygmunta Starego. Wielko\u015b\u0107 zap\u0142aconej kwoty wskazuje jednak na obecno\u015b\u0107 znikomej liczby obywateli tej nacji.<\/p>\n<p>Dane na temat \u017byd\u00f3w w K\u00f3rniku zachowa\u0142y si\u0119 jedynie z p\u00f3\u017aniejszych czas\u00f3w. Inwentarz maj\u0119tno\u015bci k\u00f3rnickiej z 1653r. wymienia kilku rze\u017anik\u00f3w narodowo\u015bci \u017cydowskiej, kt\u00f3rzy mieli obowi\u0105zek skupowania wybrakowanego byd\u0142a z folwark\u00f3w pa\u0144skich.<\/p>\n<p>W drugiej po\u0142owie XVII w. i w pierwszej po\u0142. XVIII w. ludno\u015b\u0107 \u017cydowska na og\u00f3\u0142 utrzymywa\u0142a si\u0119 z zaj\u0119\u0107 typowo miejskich, w przeciwie\u0144stwie do ludno\u015bci chrze\u015bcija\u0144skiej, najcz\u0119\u015bciej zajmowa\u0142a si\u0119 \u00a0zaj\u0119ciami rolniczymi. Doceniaj\u0105c rol\u0119 \u017byd\u00f3w w K\u00f3rniku, \u00f3wczesny w\u0142a\u015bciciel maj\u0105tku k\u00f3rnickiego &#8211; Zygmunt Dzia\u0142y\u0144ski, wyda\u0142 w 1715 roku przywilej, kt\u00f3ry potwierdza\u0142 dawne uprawnienia tej ludno\u015bci i ich obowi\u0105zki wobec w\u0142a\u015bciciela. By\u0142o to np.:<\/p>\n<ul>\n<li>okre\u015blenie wysoko\u015bci podatk\u00f3w od nieruchomo\u015bci miejskich i p\u0142atno\u015bci w okre\u015blonych terminach,<\/li>\n<li>obowi\u0105zek zakupu sze\u015bciu ton soli i dw\u00f3ch ton \u015bledzi rocznie przez gminy ze sk\u0142ad\u00f3w pa\u0144skich,<\/li>\n<li>zakaz warzenia piwa, zezwolono jedynie na p\u0119dzenie w\u00f3dki po op\u0142aceniu odpowiedniego podatku akcyzowego,<\/li>\n<li>obowi\u0105zek kupowania wybrakowanego byd\u0142a i owiec z folwark\u00f3w pa\u0144skich po wyznaczonej cenie<\/li>\n<li>ponoszenie koszt\u00f3w zwi\u0105zanych z przechodzeniem lub zatrzymywaniem si\u0119 wojsk.<\/li>\n<\/ul>\n<p>Za to w\u0142adza pa\u0144ska:<\/p>\n<ul>\n<li>zabezpieczy\u0142a gmin\u0119 \u017cydowsk\u0105 przed ingerencj\u0105 czynnik\u00f3w miejskich,<\/li>\n<li>gwarantowa\u0142a wykonywanie zaj\u0119\u0107 kupieckich,<\/li>\n<li>swobod\u0119 wyznawania wiary<\/li>\n<li>i prawo nabywania dzia\u0142ek miejskich.<\/li>\n<\/ul>\n<p>W okresie rz\u0105d\u00f3w, w K\u00f3rniku, Teofili z Dzia\u0142y\u0144skich Szo\u0142drskiej-Potulickiej (znanej obecnie jako \u201eBia\u0142a Dama\u201d) na terenie miasta prowadzona by\u0142a o\u017cywiona akcja osadnicza. Jako kobieta na swe czasy bardzo przedsi\u0119biorcza, sprowadzi\u0142a do K\u00f3rnika znaczn\u0105 grup\u0119 ludzi zajmuj\u0105cych si\u0119 rzemios\u0142em i handlem. W swoim maj\u0105tku rozwin\u0119\u0142a przetw\u00f3rstwo we\u0142ny i produkcj\u0119 tkanin, a w jej czasach by\u0142y to dochodowe przedsi\u0119wzi\u0119cia, kt\u00f3rymi zajmowali si\u0119 rzemie\u015blnicy \u017cydowscy, bo to oni s\u0142yn\u0119li z wytw\u00f3rstwa sukna i szerokich kontakt\u00f3w handlowych. Z czasem te\u017c w\u0142a\u015bcicielka maj\u0105tku, korzysta\u0142a prawdopodobnie r\u00f3wnie\u017c z porad dotycz\u0105cych inwestowania kapita\u0142u zarobionego i pozostawionego jej przez dw\u00f3ch m\u0119\u017c\u00f3w. Dzi\u0119ki temu pewnie, ale r\u00f3wnie\u017c dzi\u0119ki innym cechom charakteru, jakie niew\u0105tpliwie musia\u0142a posiada\u0107, Teofila z Dzia\u0142y\u0144skich Szo\u0142drska-Potulicka uchodzi\u0142a za kobiet\u0119 nowoczesn\u0105, zamo\u017cn\u0105, przedsi\u0119biorcz\u0105, kt\u00f3ra przebudowa\u0142a siedzib\u0119 rodu i rozwin\u0119\u0142a posiad\u0142o\u015b\u0107 k\u00f3rnick\u0105 do znaczniejszych rozmiar\u00f3w ni\u017c jej poprzednicy.<\/p>\n<p>Za jej czas\u00f3w, w 1767 roku zosta\u0142a w K\u00f3rniku wybudowana przez Hillela Beniamina synagoga, na kt\u00f3r\u0105 Teofila z Dzia\u0142y\u0144skich przekaza\u0142a drzewo ze swych las\u00f3w. Zbudowany w\u00f3wczas drewniany dom modlitwy zaliczany by\u0142 do tych architektonicznie bardziej interesuj\u0105cych w Wielkopolsce.<\/p>\n<p>Po \u015bmierci Teofili z Dzia\u0142y\u0144skich Szo\u0142drskiej-Potulickiej , oko\u0142o 1793 roku K\u00f3rnik liczy\u0142 1518 mieszka\u0144c\u00f3w, w tym 632 Polak\u00f3w, 636 \u017byd\u00f3w i 250 Niemc\u00f3w. W\u015br\u00f3d rzemie\u015blnik\u00f3w, narodowo\u015bci \u017cydowskiej by\u0142o 44 krawc\u00f3w (na og\u00f3ln\u0105 liczb\u0119 46), kt\u00f3rzy tworzyli w\u0142asny cech, poza tym 10 rze\u017anik\u00f3w (na 14), jeden szklarz (na 2) i jedyny z\u0142otnik.<\/p>\n<p>W 1809 roku na 247 dom\u00f3w w K\u00f3rniku, 60 zamieszkiwali \u017bydzi, z czego wynika, \u017ce ilo\u015b\u0107 os\u00f3b na 1 dom \u017cydowski by\u0142a bardzo du\u017ca.<\/p>\n<p>W pierwszej po\u0142owie XIX w. ilo\u015b\u0107 dom\u00f3w \u017cydowskich zwi\u0119kszy\u0142a si\u0119 szybko dzi\u0119ki ich bogaceniu si\u0119. W 1837 roku na 2 654 mieszka\u0144c\u00f3w K\u00f3rnika by\u0142o 1 158 \u017byd\u00f3w. Ale ju\u017c od po\u0142owy XIX w. ich ilo\u015b\u0107 zmniejsza\u0142a si\u0119 systematycznie. Wi\u0105za\u0142o si\u0119 to zapewne z wydarzeniami Wiosny Lud\u00f3w i wzrostem nastroj\u00f3w anty\u017cydowskich w\u015br\u00f3d ludno\u015bci polskiej, kiedy wielu \u017byd\u00f3w wsp\u00f3\u0142pracowa\u0142o z w\u0142adzami pruskimi. Od lat 50-tych notuje si\u0119 liczne wyjazdy ludno\u015bci \u017cydowskiej do Ameryki.<\/p>\n<p>W 1871 roku na 2 735 mieszka\u0144c\u00f3w by\u0142o ju\u017c tylko 395 \u017byd\u00f3w. Kiedy za\u015b w latach 70-tych budowana kolej z Poznania w kierunku \u015al\u0105ska omin\u0119\u0142a K\u00f3rnik, liczba ludno\u015bci miasta zacz\u0119\u0142a si\u0119 zmniejsza\u0107, szczeg\u00f3lnie za\u015b opuszcza\u0142a miasto ludno\u015b\u0107 \u017cydowska, nie widz\u0105c tutaj dla siebie szerszych perspektyw.<\/p>\n<p>W 1937 roku gmina \u017cydowska w K\u00f3rniku liczy\u0142a tylko 31 os\u00f3b, w tym dziesi\u0119ciu doros\u0142ych m\u0119\u017cczyzn, a w roku wybuchu wojny by\u0142o ich 35.<\/p>\n<p>Po wkroczeniu wojsk niemieckich do K\u00f3rnika, synagoga zosta\u0142a zamkni\u0119ta.<\/p>\n<p>Pod koniec wrze\u015bnia 1939 roku starszy gminy \u017cydowskiej Pawel Jaraczy\u0144ski zwr\u00f3ci\u0142 si\u0119 do komendanta miasta o zezwolenie na odbycie w b\u00f3\u017cnicy mod\u0142\u00f3w z okazji przypadaj\u0105cego \u015bwi\u0119ta \u201eD\u0142ugiej Nocy&#8221;. Zezwolenie otrzyma\u0142. M\u0119\u017cczy\u017ani mod\u0142y odbyli, ale w tym czasie budynek zosta\u0142 otoczony przez wojsko i policj\u0119 niemieck\u0105, a wychodz\u0105cy \u017bydzi zostali za\u0142adowani na samoch\u00f3d i wywiezieni do Poznania. Wi\u0119kszo\u015b\u0107 z nich zosta\u0142a rozstrzelana w Forcie VII &#8211; 28 wrze\u015bnia, pozostali za\u015b do ko\u0144ca listopada 1939 r. Natomiast kobietom i dzieciom kazano w terminie do 3 listopada tego roku przenie\u015b\u0107 si\u0119 do getta w Kaliszu.<\/p>\n<p>Wszelkie \u015blady po k\u00f3rnickich \u017bydach okupanci starali si\u0119 zatrze\u0107. W 1942 roku rozebrano ca\u0142kowicie synagog\u0119, za\u015b kamienie nagrobkowe z cmentarza \u017cydowskiego, kt\u00f3ry mie\u015bci\u0142 si\u0119 u zbiegu ul. \u015aredzkiej i ul. Parkowej, u\u017cyto do wyk\u0142adania chodnik\u00f3w, wzmacniania row\u00f3w przydro\u017cnych itp.<\/p>\n<p>Obecnie jedynym \u015bladem istnienia gminy \u017cydowskiej w K\u00f3rniku jest brama nad dawnym przej\u015bciem z rynku do b\u00f3\u017cnicy, tzw. Ucho igielne, z napisem w j\u0119zyku hebrajskim i niemieckim. Zosta\u0142a ona odnowiona staraniem K\u00f3rnickiego Towarzystwa Kulturalnego, natomiast w samej bramie zosta\u0142o urz\u0105dzone lapidarium nagrobk\u00f3w \u017cydowskich wydobytych staraniem dzia\u0142aczy tego\u017c Towarzystwa z ulic, row\u00f3w i innych miejsc miasta.<\/p>\n<p>(wpis przygotowany na podstawie artyku\u0142u \u201eZ dziej\u00f3w gminy \u017cydowskiej w K\u00f3rniku\u201d Stanis\u0142awa K. Potockiego)<\/p>\n<p>[\/et_pb_text][et_pb_toggle title=&#8221;Powi\u0105zane tre\u015bci:&#8221; open=&#8221;on&#8221; open_toggle_text_color=&#8221;#2a5a53&#8243; icon_color=&#8221;#f0f2f3&#8243; admin_label=&#8221;Powi\u0105zane tre\u015bci &#8211; guzik&#8221; _builder_version=&#8221;4.7.0&#8243; title_text_color=&#8221;#2a5a53&#8243; body_text_color=&#8221;#2a5a53&#8243; background_color=&#8221;#ffffff&#8221; z_index_tablet=&#8221;500&#8243; title_text_shadow_horizontal_length_tablet=&#8221;0px&#8221; title_text_shadow_vertical_length_tablet=&#8221;0px&#8221; title_text_shadow_blur_strength_tablet=&#8221;1px&#8221; closed_title_text_shadow_horizontal_length_tablet=&#8221;0px&#8221; closed_title_text_shadow_vertical_length_tablet=&#8221;0px&#8221; closed_title_text_shadow_blur_strength_tablet=&#8221;1px&#8221; body_text_shadow_horizontal_length_tablet=&#8221;0px&#8221; body_text_shadow_vertical_length_tablet=&#8221;0px&#8221; body_text_shadow_blur_strength_tablet=&#8221;1px&#8221; body_link_text_shadow_horizontal_length_tablet=&#8221;0px&#8221; body_link_text_shadow_vertical_length_tablet=&#8221;0px&#8221; body_link_text_shadow_blur_strength_tablet=&#8221;1px&#8221; body_ul_text_shadow_horizontal_length_tablet=&#8221;0px&#8221; body_ul_text_shadow_vertical_length_tablet=&#8221;0px&#8221; body_ul_text_shadow_blur_strength_tablet=&#8221;1px&#8221; body_ol_text_shadow_horizontal_length_tablet=&#8221;0px&#8221; body_ol_text_shadow_vertical_length_tablet=&#8221;0px&#8221; body_ol_text_shadow_blur_strength_tablet=&#8221;1px&#8221; body_quote_text_shadow_horizontal_length_tablet=&#8221;0px&#8221; body_quote_text_shadow_vertical_length_tablet=&#8221;0px&#8221; body_quote_text_shadow_blur_strength_tablet=&#8221;1px&#8221; border_radii=&#8221;on|0px|0px|0px|0px&#8221; border_color_all=&#8221;#2a5a53&#8243; border_width_top=&#8221;10px&#8221; border_width_top_tablet=&#8221;10px&#8221; border_width_top_phone=&#8221;10px&#8221; box_shadow_horizontal_tablet=&#8221;0px&#8221; box_shadow_vertical_tablet=&#8221;0px&#8221; box_shadow_blur_tablet=&#8221;40px&#8221; box_shadow_spread_tablet=&#8221;0px&#8221; text_shadow_horizontal_length_tablet=&#8221;0px&#8221; text_shadow_vertical_length_tablet=&#8221;0px&#8221; text_shadow_blur_strength_tablet=&#8221;1px&#8221; saved_tabs=&#8221;all&#8221;]<\/p>\n<ul>\n<li><a href=\"https:\/\/www.o-nauce.pl\/?p=173470\">&#8222;Bia\u0142a Dama z K\u00f3rnika&#8221; &#8211; artyku\u0142 o Teofili z Dzia\u0142y\u0144skich primo voto Szo\u0142drskiej secundo voto Potulickiej<\/a><\/li>\n<li><a href=\"https:\/\/www.o-nauce.pl\/?p=3393\">\u201eTytus hr. Dzia\u0142y\u0144ski\u201d &#8211; film dokumentalny<\/a><\/li>\n<\/ul>\n<p>[\/et_pb_toggle][\/et_pb_column][et_pb_column type=&#8221;1_2&#8243; module_class=&#8221;guzik_do_filmu&#8221; _builder_version=&#8221;3.0.47&#8243; custom_padding=&#8221;|||&#8221; custom_padding__hover=&#8221;|||&#8221;][et_pb_code _builder_version=&#8221;3.18.2&#8243; saved_tabs=&#8221;all&#8221;]<a name=\"film_kotwica\"><\/a>[\/et_pb_code][et_pb_text admin_label=&#8221;Nag\u0142\u00f3wek &#8211; Video&#8221; _builder_version=&#8221;3.27.4&#8243; text_font=&#8221;|||on|||||&#8221; text_font_size=&#8221;17px&#8221; custom_css_main_element=&#8221;border-bottom: 1px solid #2A5A53;&#8221;]<\/p>\n<h1>Film<\/h1>\n<p>[\/et_pb_text][et_pb_text admin_label=&#8221;obrazek + film&#8221; _builder_version=&#8221;4.7.0&#8243; hover_enabled=&#8221;0&#8243; z_index_tablet=&#8221;500&#8243; text_text_shadow_horizontal_length_tablet=&#8221;0px&#8221; text_text_shadow_vertical_length_tablet=&#8221;0px&#8221; text_text_shadow_blur_strength_tablet=&#8221;1px&#8221; link_text_shadow_horizontal_length_tablet=&#8221;0px&#8221; link_text_shadow_vertical_length_tablet=&#8221;0px&#8221; link_text_shadow_blur_strength_tablet=&#8221;1px&#8221; ul_text_shadow_horizontal_length_tablet=&#8221;0px&#8221; ul_text_shadow_vertical_length_tablet=&#8221;0px&#8221; ul_text_shadow_blur_strength_tablet=&#8221;1px&#8221; ol_text_shadow_horizontal_length_tablet=&#8221;0px&#8221; ol_text_shadow_vertical_length_tablet=&#8221;0px&#8221; ol_text_shadow_blur_strength_tablet=&#8221;1px&#8221; quote_text_shadow_horizontal_length_tablet=&#8221;0px&#8221; quote_text_shadow_vertical_length_tablet=&#8221;0px&#8221; quote_text_shadow_blur_strength_tablet=&#8221;1px&#8221; header_text_shadow_horizontal_length_tablet=&#8221;0px&#8221; header_text_shadow_vertical_length_tablet=&#8221;0px&#8221; header_text_shadow_blur_strength_tablet=&#8221;1px&#8221; header_2_text_shadow_horizontal_length_tablet=&#8221;0px&#8221; header_2_text_shadow_vertical_length_tablet=&#8221;0px&#8221; header_2_text_shadow_blur_strength_tablet=&#8221;1px&#8221; header_3_text_shadow_horizontal_length_tablet=&#8221;0px&#8221; header_3_text_shadow_vertical_length_tablet=&#8221;0px&#8221; header_3_text_shadow_blur_strength_tablet=&#8221;1px&#8221; header_4_text_shadow_horizontal_length_tablet=&#8221;0px&#8221; header_4_text_shadow_vertical_length_tablet=&#8221;0px&#8221; header_4_text_shadow_blur_strength_tablet=&#8221;1px&#8221; header_5_text_shadow_horizontal_length_tablet=&#8221;0px&#8221; header_5_text_shadow_vertical_length_tablet=&#8221;0px&#8221; header_5_text_shadow_blur_strength_tablet=&#8221;1px&#8221; header_6_text_shadow_horizontal_length_tablet=&#8221;0px&#8221; header_6_text_shadow_vertical_length_tablet=&#8221;0px&#8221; header_6_text_shadow_blur_strength_tablet=&#8221;1px&#8221; box_shadow_horizontal_tablet=&#8221;0px&#8221; box_shadow_vertical_tablet=&#8221;0px&#8221; box_shadow_blur_tablet=&#8221;40px&#8221; box_shadow_spread_tablet=&#8221;0px&#8221; sticky_enabled=&#8221;0&#8243;]<\/p>\n<div style=\"width: 1080px\" class=\"wp-video\"><!--[if lt IE 9]><script>document.createElement('video');<\/script><![endif]-->\n<video class=\"svq wp-video-shortcode\" id=\"video-173433-1\" width=\"1080\" height=\"608\" poster=\"https:\/\/www.o-nauce.pl\/wp-content\/uploads\/2019\/filmy\/Zydzi_w_Korniku\/Kornik_z_synagog\u0105_-_wyroznione.jpg\" preload=\"metadata\" controls=\"controls\" data-svqIndex=\"\"><source type=\"video\/mp4\" src=\"https:\/\/o-nauce.pl\/wp-content\/uploads\/2019\/filmy\/Zydzi_w_Korniku\/Okruchy_wspomnien_-_Zydzi_w_Korniku.mp4\" title=\"1080p\" data-order=\"1080\"><\/video><script type=\"text\/javascript\">var svq_playlist_data = [];\nvar svq_options = [];\nvar svq_embed_urls = [];\nsvq_embed_urls.push([]);\nsvq_playlist_data.push([{\"svq_video\":[{\"svq_url\":\"https:\\\/\\\/o-nauce.pl\\\/wp-content\\\/uploads\\\/2019\\\/filmy\\\/Zydzi_w_Korniku\\\/Okruchy_wspomnien_-_Zydzi_w_Korniku.mp4\",\"svq_label\":\"1080p\",\"svq_length\":\"18:48\",\"svq_mime\":\"video\\\/mp4\",\"svq_order\":\"1080\"}]}]);\nsvq_options.push({\"svq_active\":\"on\",\"svq_sort_qualities\":\"desc\",\"svq_embed_active\":false});\n<\/script><\/div>\n<p>[\/et_pb_text][et_pb_text admin_label=&#8221;Logotypy&#8221; _builder_version=&#8221;4.7.0&#8243; custom_padding=&#8221;||0px|||&#8221; z_index_tablet=&#8221;500&#8243; text_text_shadow_horizontal_length_tablet=&#8221;0px&#8221; text_text_shadow_vertical_length_tablet=&#8221;0px&#8221; text_text_shadow_blur_strength_tablet=&#8221;1px&#8221; link_text_shadow_horizontal_length_tablet=&#8221;0px&#8221; link_text_shadow_vertical_length_tablet=&#8221;0px&#8221; link_text_shadow_blur_strength_tablet=&#8221;1px&#8221; ul_text_shadow_horizontal_length_tablet=&#8221;0px&#8221; ul_text_shadow_vertical_length_tablet=&#8221;0px&#8221; ul_text_shadow_blur_strength_tablet=&#8221;1px&#8221; ol_text_shadow_horizontal_length_tablet=&#8221;0px&#8221; ol_text_shadow_vertical_length_tablet=&#8221;0px&#8221; ol_text_shadow_blur_strength_tablet=&#8221;1px&#8221; quote_text_shadow_horizontal_length_tablet=&#8221;0px&#8221; quote_text_shadow_vertical_length_tablet=&#8221;0px&#8221; quote_text_shadow_blur_strength_tablet=&#8221;1px&#8221; header_text_shadow_horizontal_length_tablet=&#8221;0px&#8221; header_text_shadow_vertical_length_tablet=&#8221;0px&#8221; header_text_shadow_blur_strength_tablet=&#8221;1px&#8221; header_2_text_shadow_horizontal_length_tablet=&#8221;0px&#8221; header_2_text_shadow_vertical_length_tablet=&#8221;0px&#8221; header_2_text_shadow_blur_strength_tablet=&#8221;1px&#8221; header_3_text_shadow_horizontal_length_tablet=&#8221;0px&#8221; header_3_text_shadow_vertical_length_tablet=&#8221;0px&#8221; header_3_text_shadow_blur_strength_tablet=&#8221;1px&#8221; header_4_text_shadow_horizontal_length_tablet=&#8221;0px&#8221; header_4_text_shadow_vertical_length_tablet=&#8221;0px&#8221; header_4_text_shadow_blur_strength_tablet=&#8221;1px&#8221; header_5_text_shadow_horizontal_length_tablet=&#8221;0px&#8221; header_5_text_shadow_vertical_length_tablet=&#8221;0px&#8221; header_5_text_shadow_blur_strength_tablet=&#8221;1px&#8221; header_6_text_shadow_horizontal_length_tablet=&#8221;0px&#8221; header_6_text_shadow_vertical_length_tablet=&#8221;0px&#8221; header_6_text_shadow_blur_strength_tablet=&#8221;1px&#8221; box_shadow_horizontal_tablet=&#8221;0px&#8221; box_shadow_vertical_tablet=&#8221;0px&#8221; box_shadow_blur_tablet=&#8221;40px&#8221; box_shadow_spread_tablet=&#8221;0px&#8221;]Historia \u017byd\u00f3w, w tym jednym z wielkopolskich miasteczek, toczy\u0142a si\u0119 od XVI wieku, przez czasy Teofilii z Dzia\u0142y\u0144skich primo voto Szo\u0142drskiej, secundo voto Potulickoej \u2013 znanej dzi\u015b, jako \u201eBia\u0142a Dama\u201d, a\u017c po czas okupacji, kiedy w 1942 roku \u017bydzi musieli opu\u015bci\u0107 K\u00f3rnik.<\/p>\n<p>Co po nich zosta\u0142o \u2026? \u2013 troch\u0119 dokument\u00f3w, niewiele zdj\u0119\u0107, kilka macew, resztki wspomnie\u0144 \u2026 \u2013 ot okruchy\u2026<\/p>\n<p>Reporta\u017c zrealizowany w 2013 roku w ramach XVI Dni Judaizmu w K\u00f3rniku na zlecenie\u00a0Fundacji Zak\u0142ady K\u00f3rnickie\u00a0<a href=\"https:\/\/fzk.pl\/projekty\/\" target=\"_blank\" rel=\"noopener noreferrer\"><img loading=\"lazy\" decoding=\"async\" class=\"alignnone wp-image-2444\" src=\"https:\/\/www.o-nauce.pl\/wp-content\/uploads\/2019\/01\/logo-FZK-227x300.jpg\" alt=\"\" width=\"71\" height=\"94\" srcset=\"https:\/\/www.o-nauce.pl\/wp-content\/uploads\/2019\/01\/logo-FZK-227x300.jpg 227w, https:\/\/www.o-nauce.pl\/wp-content\/uploads\/2019\/01\/logo-FZK-768x1015.jpg 768w, https:\/\/www.o-nauce.pl\/wp-content\/uploads\/2019\/01\/logo-FZK-775x1024.jpg 775w, https:\/\/www.o-nauce.pl\/wp-content\/uploads\/2019\/01\/logo-FZK-1080x1428.jpg 1080w, https:\/\/www.o-nauce.pl\/wp-content\/uploads\/2019\/01\/logo-FZK.jpg 1181w\" sizes=\"(max-width: 71px) 100vw, 71px\" \/><\/a>[\/et_pb_text][et_pb_text _builder_version=&#8221;4.7.0&#8243; _module_preset=&#8221;default&#8221;]<\/p>\n<p>Grafiki, fotografie i materia\u0142y archiwalne pochodz\u0105 ze zbior\u00f3 Biblioteki K\u00f3rnickiej PAN<\/p>\n<p><a href=\"http:\/\/www.bkpan.poznan.pl\/\" target=\"_blank\" rel=\"noopener noreferrer\"><img loading=\"lazy\" decoding=\"async\" class=\"wp-image-173500 alignnone size-medium\" src=\"https:\/\/www.o-nauce.pl\/wp-content\/uploads\/2023\/01\/Biblioteka-Kornicka-logo-300x112.png\" alt=\"\" width=\"244\" height=\"91\" srcset=\"https:\/\/www.o-nauce.pl\/wp-content\/uploads\/2023\/01\/Biblioteka-Kornicka-logo-300x112.png 300w, https:\/\/www.o-nauce.pl\/wp-content\/uploads\/2023\/01\/Biblioteka-Kornicka-logo.png 367w\" sizes=\"(max-width: 244px) 100vw, 244px\" \/><\/a><\/p>\n<p>[\/et_pb_text][et_pb_gallery gallery_ids=&#8221;173462,173452,173451,173456,173459,173458,173457,173463,173460,173454,173453&#8243; _builder_version=&#8221;4.7.0&#8243; _module_preset=&#8221;default&#8221;][\/et_pb_gallery][\/et_pb_column][\/et_pb_row][\/et_pb_section][et_pb_section fb_built=&#8221;1&#8243; prev_background_color=&#8221;#ffffff&#8221; _builder_version=&#8221;3.22&#8243; background_color=&#8221;#2a5a53&#8243; top_divider_style=&#8221;slant2&#8243; top_divider_flip=&#8221;horizontal&#8221;][et_pb_row _builder_version=&#8221;3.25&#8243; background_size=&#8221;initial&#8221; background_position=&#8221;top_left&#8221; background_repeat=&#8221;repeat&#8221;][et_pb_column type=&#8221;4_4&#8243; _builder_version=&#8221;3.0.47&#8243; custom_padding=&#8221;|||&#8221; custom_padding__hover=&#8221;|||&#8221;][et_pb_text admin_label=&#8221;Polecane artykuly&#8221; _builder_version=&#8221;3.27.4&#8243; text_font=&#8221;|||on|||||&#8221; text_font_size=&#8221;17px&#8221; background_layout=&#8221;dark&#8221; custom_css_main_element=&#8221;border-bottom: 1px solid #2A5A53;&#8221; saved_tabs=&#8221;all&#8221;]<\/p>\n<h1>Polecane artyku\u0142y<\/h1>\n<p>[\/et_pb_text][et_pb_blog fullwidth=&#8221;off&#8221; posts_number=&#8221;12&#8243; include_categories=&#8221;3&#8243; show_more=&#8221;on&#8221; show_author=&#8221;off&#8221; show_date=&#8221;off&#8221; show_categories=&#8221;off&#8221; admin_label=&#8221;Artyku\u0142y &#8211; Historia&#8221; _builder_version=&#8221;3.26.3&#8243; z_index_tablet=&#8221;500&#8243; header_text_shadow_horizontal_length_tablet=&#8221;0px&#8221; header_text_shadow_vertical_length_tablet=&#8221;0px&#8221; header_text_shadow_blur_strength_tablet=&#8221;1px&#8221; body_text_shadow_horizontal_length_tablet=&#8221;0px&#8221; body_text_shadow_vertical_length_tablet=&#8221;0px&#8221; body_text_shadow_blur_strength_tablet=&#8221;1px&#8221; meta_text_shadow_horizontal_length_tablet=&#8221;0px&#8221; meta_text_shadow_vertical_length_tablet=&#8221;0px&#8221; meta_text_shadow_blur_strength_tablet=&#8221;1px&#8221; read_more_text_shadow_horizontal_length_tablet=&#8221;0px&#8221; read_more_text_shadow_vertical_length_tablet=&#8221;0px&#8221; read_more_text_shadow_blur_strength_tablet=&#8221;1px&#8221; pagination_text_shadow_horizontal_length_tablet=&#8221;0px&#8221; pagination_text_shadow_vertical_length_tablet=&#8221;0px&#8221; pagination_text_shadow_blur_strength_tablet=&#8221;1px&#8221; body_link_text_shadow_horizontal_length_tablet=&#8221;0px&#8221; body_link_text_shadow_vertical_length_tablet=&#8221;0px&#8221; body_link_text_shadow_blur_strength_tablet=&#8221;1px&#8221; body_ul_text_shadow_horizontal_length_tablet=&#8221;0px&#8221; body_ul_text_shadow_vertical_length_tablet=&#8221;0px&#8221; body_ul_text_shadow_blur_strength_tablet=&#8221;1px&#8221; body_ol_text_shadow_horizontal_length_tablet=&#8221;0px&#8221; body_ol_text_shadow_vertical_length_tablet=&#8221;0px&#8221; body_ol_text_shadow_blur_strength_tablet=&#8221;1px&#8221; body_quote_text_shadow_horizontal_length_tablet=&#8221;0px&#8221; body_quote_text_shadow_vertical_length_tablet=&#8221;0px&#8221; body_quote_text_shadow_blur_strength_tablet=&#8221;1px&#8221; box_shadow_horizontal_tablet=&#8221;0px&#8221; box_shadow_vertical_tablet=&#8221;0px&#8221; box_shadow_blur_tablet=&#8221;40px&#8221; box_shadow_spread_tablet=&#8221;0px&#8221; box_shadow_horizontal_image_tablet=&#8221;0px&#8221; box_shadow_vertical_image_tablet=&#8221;0px&#8221; box_shadow_blur_image_tablet=&#8221;40px&#8221; box_shadow_spread_image_tablet=&#8221;0px&#8221; text_shadow_horizontal_length_tablet=&#8221;0px&#8221; text_shadow_vertical_length_tablet=&#8221;0px&#8221; text_shadow_blur_strength_tablet=&#8221;1px&#8221;][\/et_pb_blog][\/et_pb_column][\/et_pb_row][\/et_pb_section]<\/p>\n","protected":false},"excerpt":{"rendered":"<p>Reporta\u017c oparty na wspomnieniach jednego z by\u0142ych mieszka\u0144c\u00f3w o spo\u0142eczno\u015bci \u017cydowskiej zamieszkuj\u0105cej K\u00f3rnik pod Poznaniem<\/p>\n","protected":false},"author":2,"featured_media":173456,"comment_status":"open","ping_status":"open","sticky":false,"template":"","format":"standard","meta":{"_et_pb_use_builder":"on","_et_pb_old_content":"<p>Tadeusz Jeziorowski - cz\u0142onek Komisji Heraldycznej<\/p><p>W symbolice mi\u0119dzynarodowej najwa\u017cniejszym znakiem identyfikuj\u0105cym pa\u0144stwo w gronie innych jest\u00a0herb\u00a0pa\u0144stwowy. Herb to znak utworzony z god\u0142a umieszczonego w polu tarczy herbowej.<br \/>Herbem Rzeczypospolitej Polskiej, maj\u0105cym nazw\u0119 w\u0142asn\u0105 \u2013\u00a0Orze\u0142 Bia\u0142y, jest od przesz\u0142o 700 lat widniej\u0105cy w polu czerwonym wizerunek ukoronowanego bia\u0142ego Or\u0142a ze z\u0142otym dziobem i szponami. Tak\u0105 sam\u0105 rol\u0119 jak herb, pe\u0142ni u nas god\u0142o, czyli Orze\u0142 z herbu Rzeczypospolitej, przedstawiony sam, bez tarczy. Znakiem r\u00f3wnorz\u0119dnym, a dzi\u015b w symbolice mi\u0119dzynarodowej nawet dominuj\u0105cym, jest\u00a0flaga pa\u0144stwowa\u00a0\u2013 okre\u015blony zestaw barw wywiedzionych zwykle z herbu pa\u0144stwowego.<\/p><p>Barwami naszego pa\u0144stwa s\u0105\u00a0biel i czerwie\u0144. Ta ostatnia winna odpowiada\u0107 barwie cynobru, co sprecyzowano dopiero w 1927 r. Jako barwa narodowa dawniej cz\u0119sto wyst\u0119powa\u0142a czerwie\u0144 ciemniejsza \u2013 p\u0105s, karmazyn i zbli\u017cony do tego koloru amarant, co jeszcze dzi\u015b jest b\u0142\u0119dnie uwa\u017cane za w\u0142a\u015bciwy odcie\u0144 polskiej czerwieni. W poziomym uk\u0142adzie, w jakim nasze barwy wyst\u0119puj\u0105 przede wszystkim na fladze pa\u0144stwowej, biel u g\u00f3ry odpowiada bieli Or\u0142a, a czerwie\u0144 u do\u0142u \u2013 czerwieni pola herbowego (tarczy). Ustanowion\u0105 w 1919 r. polsk\u0105 flag\u0119 pa\u0144stwow\u0105 wykonuje si\u0119 zawsze z dw\u00f3ch r\u00f3wnych pas\u00f3w.<br \/>Barwy mog\u0105 by\u0107 prezentowane tak\u017ce na innych znakach narodowych, np. na\u00a0chor\u0105giewkach. W\u00f3wczas, w cz\u0119\u015bci swobodnej (po przeciwnej od drzewca), mo\u017ce by\u0107 tr\u00f3jk\u0105tne wci\u0119cie na wz\u00f3r dawnych\u00a0proporczyk\u00f3w\u00a0z lanc u\u0142a\u0144skich spopularyzowanych sukcesami jazdy polskiej w dobie wojen napoleo\u0144skich. Z kolei naramienne\u00a0opaski Armii Krajowej\u00a0czy cz\u0142onk\u00f3w\u00a0\u201eSolidarno\u015bci\u201dz 1980 r. by\u0142y tylko zestawem barw jak na fladze. O wiele starszym uk\u0142adem polskiej bieli i czerwieni jest upinana z nich w ko\u0142o\u00a0kokarda.<\/p><p>Kokarda, kt\u00f3rej nazwa wywodzi si\u0119 z j\u0119zyka francuskiego, pierwotnie by\u0142a noszon\u0105 na nakryciu g\u0142owy ozdob\u0105 z p\u0119ku wst\u0105\u017cek, co Francuzi nazwali\u00a0cocarde. W XVIII w. u\u0142o\u017cona z bia\u0142ych wst\u0105\u017cek ju\u017c w ko\u0142o, sta\u0142a si\u0119 na kapeluszach mundurowych znakiem przynale\u017cno\u015bci pa\u0144stwowej. Przyj\u0119\u0142a si\u0119 w innych pa\u0144stwach i st\u0105d w r\u00f3\u017cnych j\u0119zykach jej nazwa brzmi podobnie: w j\u0119zyku w\u0142oskim\u00a0coccarda, niemieckim\u00a0Kokarde, angielskim\u00a0cockade. Tak, jak u nas, tak\u017ce u W\u0119gr\u00f3w jest to\u00a0kok\u00e1rda,\u00a0tylko Szwedzi pisz\u0105\u00a0kokard.<\/p><p>W Rzeczypospolitej kokarda pierwotnie te\u017c by\u0142a bia\u0142a, symbolizuj\u0105c kr\u00f3lewsk\u0105 zwierzchno\u015b\u0107 w\u0142adzy nad wojskiem. Pod koniec XVIII w. i w latach Ksi\u0119stwa Warszawskiego noszona na czapkach bywa\u0142a ju\u017c bia\u0142o-czerwona, ale w Kr\u00f3lestwie Polskim sta\u0142a si\u0119 ponownie bia\u0142\u0105. Bia\u0142o-czerwona\u00a0kokarda narodowa\u00a0sankcj\u0119 ustawow\u0105 otrzyma\u0142a dopiero w Powstaniu Listopadowym. Sejm 7 lutego 1831 r. wprowadzi\u0142 kokard\u0119 dwubarwn\u0105, odwo\u0142uj\u0105c si\u0119 do przyj\u0119tego powsta\u0144czego herbu Kr\u00f3lestwa Polskiego, przedstawiaj\u0105cego w ukoronowanej tarczy dwudzielnej w s\u0142up, tj. podzielonej pionowo, w czerwonych polach bia\u0142ego Or\u0142a i bia\u0142\u0105 Pogo\u0144 Litewsk\u0105. Herb ten odzwierciedla\u0142 dwoma god\u0142ami obie cz\u0119\u015bci dawnej Rzeczypospolitej. By\u0142 to pierwszy przepis ustalaj\u0105cy nasze bia\u0142o-czerwone barwy narodowe, towarzysz\u0105ce nam nieodmiennie do dzi\u015b.<br \/>Bia\u0142o-czerwone kokardy noszono w kolejnych powstaniach narodowych. W 1919 r. sta\u0142y si\u0119 na kr\u00f3tko oficjalnym znakiem powsta\u0144czego wojska w Wielkopolsce, a w wojnie polsko-bolszewickiej 1920 r. znaczy\u0142y \u017co\u0142nierzy-ochotnik\u00f3w oraz wspomagaj\u0105cych wojsko duszpasterzy, tzw. kapelan\u00f3w lotnych.<\/p><p>W 2008 r. przywr\u00f3cenia kokardy narodowej (kt\u00f3re zosta\u0142o zainicjowane ju\u017c w 2006 r. w Poznaniu), podj\u0105\u0142 si\u0119 \u015bp. Lech Kaczy\u0144ski Prezydent Rzeczypospolitej Polskiej. Od tej pory bia\u0142o-czerwone kokardy zdobi\u0105 uczestnik\u00f3w \u015bwi\u0105t narodowych \u2013 11 Listopada i 3 Maja.<\/p><p>Zgodnie z zasadami podkre\u015blaj\u0105cymi nadrz\u0119dno\u015b\u0107 god\u0142a herbowego, a nie pola tarczy, na kt\u00f3rym god\u0142o wyst\u0119puje,\u00a0kokard\u0119 polsk\u0105\u00a0upina si\u0119 biel\u0105 w \u015brodku. Tylko je\u017celi kokarda ma by\u0107 t\u0142em dla przypinanego na ni\u0105 dodatkowo Or\u0142a, biel jest na zewn\u0105trz, a czerwie\u0144 wype\u0142nia \u015brodek.<\/p><p>Bia\u0142o-czerwone kokardy to znak narodowej to\u017csamo\u015bci, st\u0105d zawsze nosimy je na sercu.<br \/>Kokarda narodowa\u00a0to nie kotylion!<\/p><blockquote><p>ZARZ\u0104DZENIE Nr 5\/MON<br \/>MINISTRA OBRONY NARODOWEJ<br \/>z dnia 9 kwietnia 2014 r.<br \/>w sprawie sposobu i okoliczno\u015bci stosowania symboli Rzeczypospolitej Polskiej w jednostkach Si\u0142 Zbrojnych Rzeczypospolitej Polskiej<br \/>ROZDZIA\u0141 IV<br \/>Barwy Rzeczypospolitej Polskiej<br \/>\u00a7 22.<br \/>1. Barw bia\u0142o-czerwonych mo\u017cna u\u017cywa\u0107 w jednostkach:<br \/>1)\u00a0namalowanych na sprz\u0119cie wojskowym;<br \/>2)\u00a0w formie wst\u0119gi podczas uroczysto\u015bci z okazji ods\u0142oni\u0119cia w szczeg\u00f3lno\u015bci tablicy pami\u0105tkowej, pomnika, obelisku oraz otwarcia obiektu lub przekazania sprz\u0119tu;<br \/>3)\u00a0w formie szarfy do dekoracji urny z prochami podczas pogrzeb\u00f3w;<br \/>4)\u00a0w formie kokard narodowych u\u017cywanych podczas uroczysto\u015bci;<br \/>5)\u00a0jako element dekoracji podczas uroczysto\u015bci oraz w salach tradycji;<br \/>6)\u00a0na drukach i wydawnictwach wojskowych.<br \/>2. Udrapowane tkaniny w barwach bia\u0142o-czerwonych musz\u0105 mie\u0107 bia\u0142y pas u g\u00f3ry, a zawieszone pionowo bia\u0142y pas z lewej strony, patrz\u0105c z przodu.<br \/>3. Kokardy narodowe w barwach bia\u0142o-czerwonych:<br \/>1)\u00a0mog\u0105 by\u0107 u\u017cywane w szczeg\u00f3lno\u015bci z okazji: Dnia Flagi Rzeczypospolitej Polskiej, \u015awi\u0119ta Narodowego Trzeciego Maja, \u015awi\u0119ta Wojska Polskiego i Narodowego \u015awi\u0119ta Niepodleg\u0142o\u015bci;<br \/>2)\u00a0wpinane s\u0105 z lewej strony w klap\u0119 munduru lub ubioru cywilnego;<br \/>3)\u00a0sk\u0142adaj\u0105 si\u0119 z dw\u00f3ch okr\u0119g\u00f3w: bia\u0142ego centralnego oraz okalaj\u0105cego go czerwonego, o \u015brednicy 40 do 60 mm, przy czym promie\u0144 okr\u0119gu bia\u0142ego powinien stanowi\u0107 \u00bd promienia kokardy.<\/p><\/blockquote>","_et_gb_content_width":"","footnotes":""},"categories":[7,3,8],"tags":[70,69,67,106],"class_list":["post-173433","post","type-post","status-publish","format-standard","has-post-thumbnail","hentry","category-galerie","category-historia","category-wideo","tag-biblioteka","tag-dzialynski","tag-kornik","tag-zydzi"],"_links":{"self":[{"href":"https:\/\/www.o-nauce.pl\/index.php?rest_route=\/wp\/v2\/posts\/173433","targetHints":{"allow":["GET"]}}],"collection":[{"href":"https:\/\/www.o-nauce.pl\/index.php?rest_route=\/wp\/v2\/posts"}],"about":[{"href":"https:\/\/www.o-nauce.pl\/index.php?rest_route=\/wp\/v2\/types\/post"}],"author":[{"embeddable":true,"href":"https:\/\/www.o-nauce.pl\/index.php?rest_route=\/wp\/v2\/users\/2"}],"replies":[{"embeddable":true,"href":"https:\/\/www.o-nauce.pl\/index.php?rest_route=%2Fwp%2Fv2%2Fcomments&post=173433"}],"version-history":[{"count":32,"href":"https:\/\/www.o-nauce.pl\/index.php?rest_route=\/wp\/v2\/posts\/173433\/revisions"}],"predecessor-version":[{"id":173884,"href":"https:\/\/www.o-nauce.pl\/index.php?rest_route=\/wp\/v2\/posts\/173433\/revisions\/173884"}],"wp:featuredmedia":[{"embeddable":true,"href":"https:\/\/www.o-nauce.pl\/index.php?rest_route=\/wp\/v2\/media\/173456"}],"wp:attachment":[{"href":"https:\/\/www.o-nauce.pl\/index.php?rest_route=%2Fwp%2Fv2%2Fmedia&parent=173433"}],"wp:term":[{"taxonomy":"category","embeddable":true,"href":"https:\/\/www.o-nauce.pl\/index.php?rest_route=%2Fwp%2Fv2%2Fcategories&post=173433"},{"taxonomy":"post_tag","embeddable":true,"href":"https:\/\/www.o-nauce.pl\/index.php?rest_route=%2Fwp%2Fv2%2Ftags&post=173433"}],"curies":[{"name":"wp","href":"https:\/\/api.w.org\/{rel}","templated":true}]}}