{"id":1794,"date":"2018-12-21T17:58:31","date_gmt":"2018-12-21T17:58:31","guid":{"rendered":"http:\/\/test.o-nauce.pl\/?p=1794"},"modified":"2020-01-26T13:12:10","modified_gmt":"2020-01-26T12:12:10","slug":"polska-kokarda-narodowa-copy-copy-copy","status":"publish","type":"post","link":"https:\/\/www.o-nauce.pl\/?p=1794","title":{"rendered":"&#8222;Kurjer Pozna\u0144ski&#8221; &#8211; Przysi\u0119ga Wojsk Wielkopolskich 26.01.1919r."},"content":{"rendered":"<p>[et_pb_section fb_built=&#8221;1&#8243; prev_background_color=&#8221;#ffffff&#8221; _builder_version=&#8221;3.22&#8243; background_color=&#8221;#efefef&#8221; background_image=&#8221;http:\/\/o-nauce.pl\/wp-content\/uploads\/2018\/12\/Kurier-duzy.jpg&#8221; background_position=&#8221;top_left&#8221; background_blend=&#8221;darken&#8221; top_divider_style=&#8221;slant2&#8243; top_divider_height=&#8221;57px&#8221; top_divider_flip=&#8221;horizontal&#8221;][et_pb_row _builder_version=&#8221;3.25&#8243; background_size=&#8221;initial&#8221; background_position=&#8221;top_left&#8221; background_repeat=&#8221;repeat&#8221;][et_pb_column type=&#8221;4_4&#8243; _builder_version=&#8221;3.25&#8243; custom_padding=&#8221;|||&#8221; custom_padding__hover=&#8221;|||&#8221;][et_pb_post_title author=&#8221;off&#8221; date=&#8221;off&#8221; comments=&#8221;off&#8221; featured_image=&#8221;off&#8221; text_color=&#8221;light&#8221; _builder_version=&#8221;3.18.2&#8243; title_font=&#8221;|||on|||||&#8221; title_font_size=&#8221;32px&#8221; text_orientation=&#8221;center&#8221; animation_style=&#8221;zoom&#8221; title_font_size_tablet=&#8221;26px&#8221; title_font_size_phone=&#8221;&#8221; title_font_size_last_edited=&#8221;on|desktop&#8221; text_shadow_style=&#8221;preset2&#8243; text_shadow_color=&#8221;rgba(0,0,0,0.68)&#8221;]<br \/>\n[\/et_pb_post_title][\/et_pb_column][\/et_pb_row][\/et_pb_section][et_pb_section fb_built=&#8221;1&#8243; _builder_version=&#8221;3.22&#8243;][et_pb_row column_structure=&#8221;1_2,1_2&#8243; use_custom_gutter=&#8221;on&#8221; gutter_width=&#8221;2&#8243; _builder_version=&#8221;3.25&#8243; background_size=&#8221;initial&#8221; background_position=&#8221;top_left&#8221; background_repeat=&#8221;repeat&#8221; animation_style=&#8221;fade&#8221;][et_pb_column type=&#8221;1_2&#8243; _builder_version=&#8221;3.25&#8243; custom_padding=&#8221;|||&#8221; custom_padding__hover=&#8221;|||&#8221;][et_pb_text admin_label=&#8221;Zawarto\u015b\u0107 tekstowa artyku\u0142u&#8221; _builder_version=&#8221;4.0.11&#8243;]<\/p>\n<h3>Powstanie Wielkopolskie \u2014 zwyci\u0119skie &#8211; 26.01.1919 r.<\/h3>\n<p>Powstanie Wielkopolskie 1918-1919 to seria inteligentnie wykorzystanych sytuacji, szcz\u0119\u015bliwych zdarze\u0144 i wielka odwaga Wielkopolan.<\/p>\n<div class='et-learn-more clearfix'>\n\t\t\t\t\t<h3 class='heading-more'> PRZECZYTAJ o Powstaniu Wielkopolskim w &#039;telegraficznym skr\u00f3cie&#039; <span class='et_learnmore_arrow'><span><\/span><\/span><\/h3>\n\t\t\t\t\t<div class='learn-more-content'><blockquote>\n<p>O Powstaniu Wielkopolskim w &#8222;telegraficznym skr\u00f3cie&#8221;:<\/p>\n<\/blockquote>\n<p>Zacz\u0119\u0142o si\u0119 masow\u0105 dezercj\u0105 Polak\u00f3w, si\u0142\u0105 wcielonych do armii pruskiej w czasie I Wojny \u015awiatowej, kt\u00f3rzy przy\u0142\u0105czyli si\u0119 do grup konspirator\u00f3w polskich dzia\u0142aj\u0105cych w r\u00f3\u017cnych organizacjach oraz polityk\u00f3w pr\u00f3buj\u0105cych wykorzysta\u0107 zmieniaj\u0105c\u0105 si\u0119 sytuacj\u0119 w Europie dla dobra Polak\u00f3w, dla odrodzenia si\u0119 Polski. Wsp\u00f3\u0142dzia\u0142aj\u0105c, wykorzystali oni chaos, kt\u00f3ry zapanowa\u0142 w armii pruskiej, po przej\u0119ciu kontroli nad Niemcami przez rewolucjonist\u00f3w bolszewickich. Potem mia\u0142o miejsce ustanowienie nowych w\u0142adz w miastach Wielkopolski \u2013 rad robotniczych i \u017co\u0142nierskich. 13 listopada 1918 r. Polscy konspiratorzy przeprowadzili tzw. zamach na ratusz, dzi\u0119ki kt\u00f3remu przej\u0119li kontrol\u0119 nad radami w Poznaniu. Nast\u0119pnie rozpocz\u0119\u0142o si\u0119 budowanie w\u0142asnych (powsta\u0144czych) struktur wojskowych wewn\u0105trz garnizonu pozna\u0144skiego, mimo oficjalnie realizowanej polityki ugodowej NRL z rz\u0105dem niemieckim. \u201eMajstersztykiem\u201d by\u0142o Tworzenie S\u0142u\u017cby Stra\u017cy i Bezpiecze\u0144stwa przez Mieczys\u0142awa Palucha, z\u0142o\u017conej z samych wiernych sprawie Polak\u00f3w. Wszystko zgodnie z zaleceniami Berlina.\u00a0 Sejm dzielnicowy, kt\u00f3ry zorganizowany na fali zmian ustrojowych w Niemczech, odby\u0142 si\u0119 w Poznaniu, w pierwszych dniach grudnia 1918, sta\u0142 si\u0119 On wielk\u0105 spontaniczn\u0105 manifestacj\u0105 polsko\u015bci, kt\u00f3rej nie mia\u0142 si\u0142y podepta\u0107 pruski zaborca. 26 grudnia 1918, to kolejna manifestacja, kt\u00f3rej przyczyn\u0105 by\u0142 przyjazd do Poznania Ignacego Jana Paderewskiego. Za\u015b 27 grudnia to patriotyczna manifestacja dzieci polskich i pierwsze strza\u0142y niesfornego \u017co\u0142dactwa pruskiego. To spowodowa\u0142o spontaniczn\u0105 kontrakcj\u0119 Polak\u00f3w w pierwszych godzinach. Potem planowe dzia\u0142ania S\u0142u\u017cby Stra\u017cy i Bezpiecze\u0144stwa. Przej\u0119cie kontroli nad Garnizonem w Poznaniu i rozpocz\u0119cie walk w terenie. Nast\u0119pnie decyzje, w Warszawie, o przybyciu do Poznania gen. J\u00f3zefa Dowb\u00f3r-Mu\u015bnickiego i \u2013 niejako \u2013 obok dzia\u0142a\u0144 powsta\u0144czych tworzenie r\u00f3wnolegle regularnej armii.<\/div>\n\t\t\t\t<\/div>\n<p>&nbsp;<\/p>\n<p>Z\u0142o\u017cenie ju\u017c 26 stycznia 1919 roku uroczystej przysi\u0119gi przez Wojsko Wielkopolskie by\u0142o aktem wolno\u015bci Wielkopolan u siebie. By\u0142o przypiecz\u0119towaniem zwyci\u0119stwa, mimo ci\u0105g\u0142ych walk na nieokre\u015blonych jeszcze stale granicach pa\u0144stwa.<\/p>\n<blockquote>\n<h4>A tak opisa\u0142 wydarzenia z\u00a026 stycznia 1919 roku \u201eKurjer Pozna\u0144ski\u201d nr 22\u00a0z 28 stycznia 1919 :<\/h4>\n<\/blockquote>\n<p><img loading=\"lazy\" decoding=\"async\" class=\"aligncenter size-medium wp-image-1796\" src=\"http:\/\/o-nauce.pl\/wp-content\/uploads\/2018\/12\/Kurier_Poznanski-m-1-300x138.jpg\" alt=\"\" width=\"300\" height=\"138\" srcset=\"https:\/\/www.o-nauce.pl\/wp-content\/uploads\/2018\/12\/Kurier_Poznanski-m-1-300x138.jpg 300w, https:\/\/www.o-nauce.pl\/wp-content\/uploads\/2018\/12\/Kurier_Poznanski-m-1-768x353.jpg 768w, https:\/\/www.o-nauce.pl\/wp-content\/uploads\/2018\/12\/Kurier_Poznanski-m-1-1024x471.jpg 1024w, https:\/\/www.o-nauce.pl\/wp-content\/uploads\/2018\/12\/Kurier_Poznanski-m-1-1080x497.jpg 1080w, https:\/\/www.o-nauce.pl\/wp-content\/uploads\/2018\/12\/Kurier_Poznanski-m-1.jpg 1189w\" sizes=\"(max-width: 300px) 100vw, 300px\" \/><\/p>\n<p>\u201e\u2026 Pocz\u0105tek uroczysto\u015bci (&#8230;) zapowiedziany by\u0142 na\u00a0g. 9.45. Wszelako ju\u017c znacznie przedtem t\u0142umy niezliczone zaj\u0119\u0142y\u00a0ulice okalaj\u0105ce ze wszystkich stron plac Wilhelmowski (nale\u017ca\u0142oby go koniecznie przechrzci\u0107!). Okna wszystkich dom\u00f3w przy placu zaj\u0119te przez widz\u00f3w. Ze wszystkich te\u017c dom\u00f3w powiewaj\u0105 sztandary narodowe. Na placu w szyku paradnym ustawione oddzia\u0142y\u00a0polskiej za\u0142ogi pozna\u0144skiej: jest to \u017cywy mur, kt\u00f3ry otacza w kwadracie ca\u0142y plac, zako\u0144czony u wylot\u00f3w (od strony Alei) \u2013 po obu stronach barwnym lasem proporczyk\u00f3w: to nasi strzelcy konni. Pomi\u0119dzy temi oddzia\u0142ami konnymi, na wysokim wzniesieniu w\u015br\u00f3d obfitej zieleni ustawiony o\u0142tarz polowy \u2013 na czerwonym tle, pi\u0119kny srebrnytryptyk Dzia\u0142y\u0144skich, znajduj\u0105cy si\u0119 dzi\u015b w zamku kurnickim, kt\u00f3ry drogocenn\u0105 stanowi pami\u0105tk\u0119 historyczn\u0105 spod Wiednia. Przed nim to Jan Sobieski Bogu dzi\u0119ki sk\u0142ada\u0142 za \u015bwietne nad Turczynem zwyci\u0119stwo. Przed o\u0142tarzem ustawiony z\u0142oty baldachim, podtrzymywany przez czterech \u017co\u0142nierzy. \u015arodek placu przed o\u0142tarzem wolny, po prawej stronie o\u0142tarza zebrali si\u0119: komisarze Naczelnej Rady\u00a0Ludowej, przedstawiciele w\u0142adz polskich miejskich, wi\u0119kszych organizacji spo\u0142ecznych i prasy. Na stopniach o\u0142tarza duchowie\u0144stwo z ks. Pra\u0142atem \u0141ukomskim na czele. Kr\u00f3tko przed godzin\u0105 10.00 orkiestra umieszczona na lewej\u00a0stronie o\u0142tarza zagra\u0142a \u201eJeszcze Polska nie zgin\u0119\u0142a\u201d i na plac wkroczy\u0142 na czele swego sztabu w\u00f3dz naczelny genera\u0142 Dowb\u00f3r-Mu\u015bnicki. Odebrawszy raport od komendanta uroczysto\u015bci, pu\u0142kownika Konarzewskiego, genera\u0142 rozpocz\u0105\u0142 przegl\u0105d i powitanie wojsk. Pi\u0119kna ta by\u0142a chwila, gdy w\u00f3dz naczelny krokiem szybkim zdecydowanym, \u017co\u0142nierskim przechodzi\u0142 na froncie wszystkie kompanie i formacje salutuj\u0105c je i zatrzymuj\u0105c si\u0119 przed ka\u017cd\u0105 z s\u0142owem powitalnem: Czo\u0142em! Odkrzykni\u0119tym z zapa\u0142em przez ka\u017cdy oddzia\u0142 z osobna.\u00a0Po tym akcie genera\u0142 powita\u0142 zgromadzonych ju\u017c komisarzy NRL, zaczem wraz z nimi i z sztabem swoim stan\u0105\u0142 przed o\u0142tarzem. Rozpocz\u0119\u0142a si\u0119 Msza \u015aw. polowa odprawiona przez ks. \u0141ukomskiego. Po uko\u0144czeniu Mszy \u015aw. wyg\u0142osi\u0142 do \u017co\u0142nierzy patriotyczn\u0105, gor\u0105ca przemow\u0119 ks. Prob. Dykiert wskazuj\u0105c w s\u0142owach porywaj\u0105cych na wielko\u015b\u0107 chwili dzisiejszej, na zadania jakie spe\u0142ni\u0107 musi \u017co\u0142nierz polski i na wa\u017cno\u015b\u0107 przysi\u0119gi tego \u017co\u0142nierza, kt\u00f3rej s\u0142ucha w tej chwili Ojczyzna ca\u0142a. Po tych s\u0142owach natchnionego kaznodziei, stan\u0105\u0142 na stopniach o\u0142tarza ks. kan. \u0141ukomski i odczyta\u0142 s\u0142owa roty, powt\u00f3rzone przez g\u0142\u00f3wnodowodz\u0105cego. Po odebraniu przysi\u0119gi od Genera\u0142a \u2013 nast\u0105pi\u0142o z\u0142o\u017cenie przysi\u0119gi przez ca\u0142e wojsko. Pot\u0119\u017cnym g\u0142osem uderza\u0142y w niebo s\u0142owa roty, powtarzane przez wszystkie zast\u0119py wojsk zgromadzonych: <strong><em>W obliczu Boga Wszechmog\u0105cego w Tr\u00f3jcy \u015awi\u0119tej Jedynego \u015blubuj\u0119, \u017ce Polsce, Ojczy\u017anie mojej i sprawie ca\u0142ego Narodu Polskiego zawsze i wsz\u0119dzie s\u0142u\u017cy\u0107 b\u0119d\u0119, \u017ce kraju Ojczystego i dobra narodowego do ostatniej kropli krwi broni\u0107 b\u0119d\u0119, \u017ce Komisarzowi Naczelnej Rady Ludowej w Poznaniu i dow\u00f3dcom, i prze\u0142o\u017conym swoim mianowanym przez ten\u017ce Komisariat, zawsze i wsz\u0119dzie pos\u0142uszny b\u0119d\u0119, \u017ce w og\u00f3le tak zachowywa\u0107 si\u0119 b\u0119d\u0119, jak przystoi na m\u0119\u017cnego i prawego \u017co\u0142nierza-Polaka, \u017ce po zjednoczeniu Polski z\u0142o\u017c\u0119 przysi\u0119g\u0119 \u017co\u0142niersk\u0105, ustanowion\u0105 przez polsk\u0105 zwierzchno\u015b\u0107 pa\u0144stwow\u0105.<\/em><\/strong><\/p>\n<p>Po kr\u00f3tkiej modlitwie i udzieleniu b\u0142ogos\u0142awie\u0144stwa nast\u0105pi\u0142a ceremonia wr\u0119czenia sztandaru I Pu\u0142kowi Strzelc\u00f3w. Oto sztandar wykonany staraniem naszych Wielkopolanek w zak\u0142adzie Eichstaedta wed\u0142ug wzoru oryginalnego sztandaru z roku 1831 \u2026 wr\u0119czy\u0142y panie najpierw komisarzowi NRL p. Korfantemu, ten za\u015b po kr\u00f3tkiej przemowie wr\u0119czy\u0142 go genera\u0142owi Dowb\u00f3r-Mu\u015bnickiemu. By\u0142a to chwila do g\u0142\u0119bi wzruszaj\u0105ca, gdy genera\u0142 odbieraj\u0105c sztandar, ukl\u0119kn\u0105\u0142 i do ust go przycisn\u0105\u0142. To samo uczynili 2 oficerowie i chor\u0105\u017cy I p. strzelc\u00f3w, odbieraj\u0105c sztandar z r\u0105k genera\u0142a. Nast\u0119pnie genera\u0142 g\u0142\u00f3wnodowodz\u0105cy wyg\u0142osi\u0142 kr\u00f3tk\u0105 przemow\u0119 \u017co\u0142niersk\u0105 do \u017co\u0142nierzy, zako\u0144czon\u0105 (a powt\u00f3rzonym przez wojsko) trzykrotnym okrzykiem na cze\u015b\u0107 Polski wolnej i niepodleg\u0142ej&#8230;.\u201d Zako\u0144czeniem uroczysto\u015bci by\u0142a defilada ju\u017c regularnego Wojska Wielkopolskiego.<\/p>\n<blockquote>\n<p>Obok prezentujemy artyku\u0142 w &#8222;Kurierze Pozna\u0144skim&#8221; oraz kilka z fotografii Kazimierza Gregera, fotografa pozna\u0144skiego, kt\u00f3ry na kliszy fotograficznej pozostawi\u0142 nam obraz tamtych dni.<br \/>Zdj\u0119cia ze zbior\u00f3w Muzeum Powstania Wielkopolskiego w Poznaniu.<\/p>\n<\/blockquote>\n<p>&nbsp;<\/p>\n<p>[\/et_pb_text][et_pb_toggle title=&#8221;Powi\u0105zane tre\u015bci:&#8221; open=&#8221;on&#8221; open_toggle_text_color=&#8221;#2a5a53&#8243; icon_color=&#8221;#f0f2f3&#8243; admin_label=&#8221;Powi\u0105zane tre\u015bci &#8211; guzik&#8221; _builder_version=&#8221;3.18.2&#8243; title_text_color=&#8221;#2a5a53&#8243; body_text_color=&#8221;#2a5a53&#8243; background_color=&#8221;#ffffff&#8221; border_radii=&#8221;on|0px|0px|0px|0px&#8221; border_color_all=&#8221;#2a5a53&#8243; border_width_top=&#8221;10&#8243; saved_tabs=&#8221;all&#8221;]<\/p>\n<ul>\n<li><a href=\"http:\/\/o-nauce.pl\/?p=393\">Przysi\u0119ga Armii Wielkopolskiej &#8211; galeria fotografii Krzysztofa Gregera z 1919 roku<\/a><\/li>\n<li>\n<p><a href=\"https:\/\/www.o-nauce.pl\/?p=1841\">\u201eMieczys\u0142awPaluch &#8211; Cz\u0142owiek, Powstaniec, Dow\u00f3dca &#8211; Powstanie Wielkopolskie, Powstania \u015al\u0105skie, Wyspa W\u0119\u017c\u00f3w\u201d &#8211; historia walki o niepodleg\u0142o\u015b\u0107 ojczyzny \u2014 film dokumentalny<\/a><\/p>\n<\/li>\n<li><a href=\"http:\/\/o-nauce.pl\/?p=1147\">Zdobycie \u0141awicy -wspomnienie<\/a><\/li>\n<\/ul>\n<p>[\/et_pb_toggle][\/et_pb_column][et_pb_column type=&#8221;1_2&#8243; _builder_version=&#8221;3.25&#8243; custom_padding=&#8221;|||&#8221; custom_padding__hover=&#8221;|||&#8221;][et_pb_text admin_label=&#8221;Nag\u0142\u00f3wek &#8211; Galeria&#8221; _builder_version=&#8221;3.27.4&#8243; text_font=&#8221;|||on|||||&#8221; text_font_size=&#8221;17px&#8221; custom_css_main_element=&#8221;border-bottom: 1px solid #2A5A53;&#8221;]<\/p>\n<h1>Galeria<\/h1>\n<p>[\/et_pb_text][et_pb_gallery gallery_ids=&#8221;674,672,671,669,663,654,656,665,668,667,661&#8243; posts_number=&#8221;8&#8243; show_title_and_caption=&#8221;off&#8221; hover_overlay_color=&#8221;rgba(255,255,255,0.9)&#8221; hover_icon=&#8221;%%51%%&#8221; _builder_version=&#8221;4.0.11&#8243; saved_tabs=&#8221;all&#8221;]<br \/>\n[\/et_pb_gallery][\/et_pb_column][\/et_pb_row][\/et_pb_section][et_pb_section fb_built=&#8221;1&#8243; prev_background_color=&#8221;#ffffff&#8221; _builder_version=&#8221;3.22&#8243; background_color=&#8221;#2a5a53&#8243; top_divider_style=&#8221;slant2&#8243; top_divider_flip=&#8221;horizontal&#8221;][et_pb_row _builder_version=&#8221;3.25&#8243; background_size=&#8221;initial&#8221; background_position=&#8221;top_left&#8221; background_repeat=&#8221;repeat&#8221;][et_pb_column type=&#8221;4_4&#8243; _builder_version=&#8221;3.25&#8243; custom_padding=&#8221;|||&#8221; custom_padding__hover=&#8221;|||&#8221;][et_pb_text admin_label=&#8221;Polecane artykuly&#8221; _builder_version=&#8221;3.27.4&#8243; text_font=&#8221;|||on|||||&#8221; text_font_size=&#8221;17px&#8221; background_layout=&#8221;dark&#8221; custom_css_main_element=&#8221;border-bottom: 1px solid #2A5A53;&#8221; saved_tabs=&#8221;all&#8221;]<\/p>\n<h1>Polecane artyku\u0142y<\/h1>\n<p>[\/et_pb_text][et_pb_blog fullwidth=&#8221;off&#8221; posts_number=&#8221;12&#8243; include_categories=&#8221;3&#8243; show_more=&#8221;on&#8221; show_author=&#8221;off&#8221; show_date=&#8221;off&#8221; show_categories=&#8221;off&#8221; admin_label=&#8221;Artyku\u0142y &#8211; Historia&#8221; _builder_version=&#8221;3.18.2&#8243;][\/et_pb_blog][\/et_pb_column][\/et_pb_row][\/et_pb_section]<\/p>\n","protected":false},"excerpt":{"rendered":"<p>Powstanie Wielkopolskie \u2014 zwyci\u0119skie &#8211; 26.01.1919 r. Powstanie Wielkopolskie 1918-1919 to seria inteligentnie wykorzystanych sytuacji, szcz\u0119\u015bliwych zdarze\u0144 i wielka odwaga Wielkopolan. <div class='et-learn-more clearfix'>\n\t\t\t\t\t<h3 class='heading-more'> PRZECZYTAJ o Powstaniu Wielkopolskim w &#039;telegraficznym skr\u00f3cie&#039; <span class='et_learnmore_arrow'><span><\/span><\/span><\/h3>\n\t\t\t\t\t<div class='learn-more-content'><\/div>\n\t\t\t\t<\/div> O Powstaniu Wielkopolskim w &#8222;telegraficznym skr\u00f3cie&#8221;: Zacz\u0119\u0142o si\u0119 masow\u0105 dezercj\u0105 Polak\u00f3w, si\u0142\u0105 wcielonych do armii pruskiej w czasie I Wojny \u015awiatowej, kt\u00f3rzy przy\u0142\u0105czyli si\u0119 [&hellip;]<\/p>\n","protected":false},"author":1,"featured_media":674,"comment_status":"open","ping_status":"open","sticky":false,"template":"","format":"standard","meta":{"_et_pb_use_builder":"on","_et_pb_old_content":"<p>Tadeusz Jeziorowski - cz\u0142onek Komisji Heraldycznej<\/p><p>W symbolice mi\u0119dzynarodowej najwa\u017cniejszym znakiem identyfikuj\u0105cym pa\u0144stwo w gronie innych jest\u00a0herb\u00a0pa\u0144stwowy. Herb to znak utworzony z god\u0142a umieszczonego w polu tarczy herbowej.<br \/>Herbem Rzeczypospolitej Polskiej, maj\u0105cym nazw\u0119 w\u0142asn\u0105 \u2013\u00a0Orze\u0142 Bia\u0142y, jest od przesz\u0142o 700 lat widniej\u0105cy w polu czerwonym wizerunek ukoronowanego bia\u0142ego Or\u0142a ze z\u0142otym dziobem i szponami. Tak\u0105 sam\u0105 rol\u0119 jak herb, pe\u0142ni u nas god\u0142o, czyli Orze\u0142 z herbu Rzeczypospolitej, przedstawiony sam, bez tarczy. Znakiem r\u00f3wnorz\u0119dnym, a dzi\u015b w symbolice mi\u0119dzynarodowej nawet dominuj\u0105cym, jest\u00a0flaga pa\u0144stwowa\u00a0\u2013 okre\u015blony zestaw barw wywiedzionych zwykle z herbu pa\u0144stwowego.<\/p><p>Barwami naszego pa\u0144stwa s\u0105\u00a0biel i czerwie\u0144. Ta ostatnia winna odpowiada\u0107 barwie cynobru, co sprecyzowano dopiero w 1927 r. Jako barwa narodowa dawniej cz\u0119sto wyst\u0119powa\u0142a czerwie\u0144 ciemniejsza \u2013 p\u0105s, karmazyn i zbli\u017cony do tego koloru amarant, co jeszcze dzi\u015b jest b\u0142\u0119dnie uwa\u017cane za w\u0142a\u015bciwy odcie\u0144 polskiej czerwieni. W poziomym uk\u0142adzie, w jakim nasze barwy wyst\u0119puj\u0105 przede wszystkim na fladze pa\u0144stwowej, biel u g\u00f3ry odpowiada bieli Or\u0142a, a czerwie\u0144 u do\u0142u \u2013 czerwieni pola herbowego (tarczy). Ustanowion\u0105 w 1919 r. polsk\u0105 flag\u0119 pa\u0144stwow\u0105 wykonuje si\u0119 zawsze z dw\u00f3ch r\u00f3wnych pas\u00f3w.<br \/>Barwy mog\u0105 by\u0107 prezentowane tak\u017ce na innych znakach narodowych, np. na\u00a0chor\u0105giewkach. W\u00f3wczas, w cz\u0119\u015bci swobodnej (po przeciwnej od drzewca), mo\u017ce by\u0107 tr\u00f3jk\u0105tne wci\u0119cie na wz\u00f3r dawnych\u00a0proporczyk\u00f3w\u00a0z lanc u\u0142a\u0144skich spopularyzowanych sukcesami jazdy polskiej w dobie wojen napoleo\u0144skich. Z kolei naramienne\u00a0opaski Armii Krajowej\u00a0czy cz\u0142onk\u00f3w\u00a0\u201eSolidarno\u015bci\u201dz 1980 r. by\u0142y tylko zestawem barw jak na fladze. O wiele starszym uk\u0142adem polskiej bieli i czerwieni jest upinana z nich w ko\u0142o\u00a0kokarda.<\/p><p>Kokarda, kt\u00f3rej nazwa wywodzi si\u0119 z j\u0119zyka francuskiego, pierwotnie by\u0142a noszon\u0105 na nakryciu g\u0142owy ozdob\u0105 z p\u0119ku wst\u0105\u017cek, co Francuzi nazwali\u00a0cocarde. W XVIII w. u\u0142o\u017cona z bia\u0142ych wst\u0105\u017cek ju\u017c w ko\u0142o, sta\u0142a si\u0119 na kapeluszach mundurowych znakiem przynale\u017cno\u015bci pa\u0144stwowej. Przyj\u0119\u0142a si\u0119 w innych pa\u0144stwach i st\u0105d w r\u00f3\u017cnych j\u0119zykach jej nazwa brzmi podobnie: w j\u0119zyku w\u0142oskim\u00a0coccarda, niemieckim\u00a0Kokarde, angielskim\u00a0cockade. Tak, jak u nas, tak\u017ce u W\u0119gr\u00f3w jest to\u00a0kok\u00e1rda,\u00a0tylko Szwedzi pisz\u0105\u00a0kokard.<\/p><p>W Rzeczypospolitej kokarda pierwotnie te\u017c by\u0142a bia\u0142a, symbolizuj\u0105c kr\u00f3lewsk\u0105 zwierzchno\u015b\u0107 w\u0142adzy nad wojskiem. Pod koniec XVIII w. i w latach Ksi\u0119stwa Warszawskiego noszona na czapkach bywa\u0142a ju\u017c bia\u0142o-czerwona, ale w Kr\u00f3lestwie Polskim sta\u0142a si\u0119 ponownie bia\u0142\u0105. Bia\u0142o-czerwona\u00a0kokarda narodowa\u00a0sankcj\u0119 ustawow\u0105 otrzyma\u0142a dopiero w Powstaniu Listopadowym. Sejm 7 lutego 1831 r. wprowadzi\u0142 kokard\u0119 dwubarwn\u0105, odwo\u0142uj\u0105c si\u0119 do przyj\u0119tego powsta\u0144czego herbu Kr\u00f3lestwa Polskiego, przedstawiaj\u0105cego w ukoronowanej tarczy dwudzielnej w s\u0142up, tj. podzielonej pionowo, w czerwonych polach bia\u0142ego Or\u0142a i bia\u0142\u0105 Pogo\u0144 Litewsk\u0105. Herb ten odzwierciedla\u0142 dwoma god\u0142ami obie cz\u0119\u015bci dawnej Rzeczypospolitej. By\u0142 to pierwszy przepis ustalaj\u0105cy nasze bia\u0142o-czerwone barwy narodowe, towarzysz\u0105ce nam nieodmiennie do dzi\u015b.<br \/>Bia\u0142o-czerwone kokardy noszono w kolejnych powstaniach narodowych. W 1919 r. sta\u0142y si\u0119 na kr\u00f3tko oficjalnym znakiem powsta\u0144czego wojska w Wielkopolsce, a w wojnie polsko-bolszewickiej 1920 r. znaczy\u0142y \u017co\u0142nierzy-ochotnik\u00f3w oraz wspomagaj\u0105cych wojsko duszpasterzy, tzw. kapelan\u00f3w lotnych.<\/p><p>W 2008 r. przywr\u00f3cenia kokardy narodowej (kt\u00f3re zosta\u0142o zainicjowane ju\u017c w 2006 r. w Poznaniu), podj\u0105\u0142 si\u0119 \u015bp. Lech Kaczy\u0144ski Prezydent Rzeczypospolitej Polskiej. Od tej pory bia\u0142o-czerwone kokardy zdobi\u0105 uczestnik\u00f3w \u015bwi\u0105t narodowych \u2013 11 Listopada i 3 Maja.<\/p><p>Zgodnie z zasadami podkre\u015blaj\u0105cymi nadrz\u0119dno\u015b\u0107 god\u0142a herbowego, a nie pola tarczy, na kt\u00f3rym god\u0142o wyst\u0119puje,\u00a0kokard\u0119 polsk\u0105\u00a0upina si\u0119 biel\u0105 w \u015brodku. Tylko je\u017celi kokarda ma by\u0107 t\u0142em dla przypinanego na ni\u0105 dodatkowo Or\u0142a, biel jest na zewn\u0105trz, a czerwie\u0144 wype\u0142nia \u015brodek.<\/p><p>Bia\u0142o-czerwone kokardy to znak narodowej to\u017csamo\u015bci, st\u0105d zawsze nosimy je na sercu.<br \/>Kokarda narodowa\u00a0to nie kotylion!<\/p><blockquote><p>ZARZ\u0104DZENIE Nr 5\/MON<br \/>MINISTRA OBRONY NARODOWEJ<br \/>z dnia 9 kwietnia 2014 r.<br \/>w sprawie sposobu i okoliczno\u015bci stosowania symboli Rzeczypospolitej Polskiej w jednostkach Si\u0142 Zbrojnych Rzeczypospolitej Polskiej<br \/>ROZDZIA\u0141 IV<br \/>Barwy Rzeczypospolitej Polskiej<br \/>\u00a7 22.<br \/>1. Barw bia\u0142o-czerwonych mo\u017cna u\u017cywa\u0107 w jednostkach:<br \/>1)\u00a0namalowanych na sprz\u0119cie wojskowym;<br \/>2)\u00a0w formie wst\u0119gi podczas uroczysto\u015bci z okazji ods\u0142oni\u0119cia w szczeg\u00f3lno\u015bci tablicy pami\u0105tkowej, pomnika, obelisku oraz otwarcia obiektu lub przekazania sprz\u0119tu;<br \/>3)\u00a0w formie szarfy do dekoracji urny z prochami podczas pogrzeb\u00f3w;<br \/>4)\u00a0w formie kokard narodowych u\u017cywanych podczas uroczysto\u015bci;<br \/>5)\u00a0jako element dekoracji podczas uroczysto\u015bci oraz w salach tradycji;<br \/>6)\u00a0na drukach i wydawnictwach wojskowych.<br \/>2. Udrapowane tkaniny w barwach bia\u0142o-czerwonych musz\u0105 mie\u0107 bia\u0142y pas u g\u00f3ry, a zawieszone pionowo bia\u0142y pas z lewej strony, patrz\u0105c z przodu.<br \/>3. Kokardy narodowe w barwach bia\u0142o-czerwonych:<br \/>1)\u00a0mog\u0105 by\u0107 u\u017cywane w szczeg\u00f3lno\u015bci z okazji: Dnia Flagi Rzeczypospolitej Polskiej, \u015awi\u0119ta Narodowego Trzeciego Maja, \u015awi\u0119ta Wojska Polskiego i Narodowego \u015awi\u0119ta Niepodleg\u0142o\u015bci;<br \/>2)\u00a0wpinane s\u0105 z lewej strony w klap\u0119 munduru lub ubioru cywilnego;<br \/>3)\u00a0sk\u0142adaj\u0105 si\u0119 z dw\u00f3ch okr\u0119g\u00f3w: bia\u0142ego centralnego oraz okalaj\u0105cego go czerwonego, o \u015brednicy 40 do 60 mm, przy czym promie\u0144 okr\u0119gu bia\u0142ego powinien stanowi\u0107 \u00bd promienia kokardy.<\/p><\/blockquote>","_et_gb_content_width":"","footnotes":""},"categories":[22,7,3],"tags":[],"class_list":["post-1794","post","type-post","status-publish","format-standard","has-post-thumbnail","hentry","category-czytelnia","category-galerie","category-historia"],"_links":{"self":[{"href":"https:\/\/www.o-nauce.pl\/index.php?rest_route=\/wp\/v2\/posts\/1794","targetHints":{"allow":["GET"]}}],"collection":[{"href":"https:\/\/www.o-nauce.pl\/index.php?rest_route=\/wp\/v2\/posts"}],"about":[{"href":"https:\/\/www.o-nauce.pl\/index.php?rest_route=\/wp\/v2\/types\/post"}],"author":[{"embeddable":true,"href":"https:\/\/www.o-nauce.pl\/index.php?rest_route=\/wp\/v2\/users\/1"}],"replies":[{"embeddable":true,"href":"https:\/\/www.o-nauce.pl\/index.php?rest_route=%2Fwp%2Fv2%2Fcomments&post=1794"}],"version-history":[{"count":33,"href":"https:\/\/www.o-nauce.pl\/index.php?rest_route=\/wp\/v2\/posts\/1794\/revisions"}],"predecessor-version":[{"id":3777,"href":"https:\/\/www.o-nauce.pl\/index.php?rest_route=\/wp\/v2\/posts\/1794\/revisions\/3777"}],"wp:featuredmedia":[{"embeddable":true,"href":"https:\/\/www.o-nauce.pl\/index.php?rest_route=\/wp\/v2\/media\/674"}],"wp:attachment":[{"href":"https:\/\/www.o-nauce.pl\/index.php?rest_route=%2Fwp%2Fv2%2Fmedia&parent=1794"}],"wp:term":[{"taxonomy":"category","embeddable":true,"href":"https:\/\/www.o-nauce.pl\/index.php?rest_route=%2Fwp%2Fv2%2Fcategories&post=1794"},{"taxonomy":"post_tag","embeddable":true,"href":"https:\/\/www.o-nauce.pl\/index.php?rest_route=%2Fwp%2Fv2%2Ftags&post=1794"}],"curies":[{"name":"wp","href":"https:\/\/api.w.org\/{rel}","templated":true}]}}